{"id":1443,"date":"2023-05-31T17:29:48","date_gmt":"2023-05-31T15:29:48","guid":{"rendered":"https:\/\/www.libres-penseurs.net\/?p=1443"},"modified":"2024-03-31T21:35:23","modified_gmt":"2024-03-31T19:35:23","slug":"1848-2023-zur-historischen-und-gegenwaertigen-demokratiebewegung","status":"publish","type":"post","link":"https:\/\/www.libres-penseurs.net\/en\/1848-2023-zur-historischen-und-gegenwaertigen-demokratiebewegung\/","title":{"rendered":"1848\/2023 \u2013 zur historischen und gegenw\u00e4rtigen Demokratiebewegung"},"content":{"rendered":"<p class=\"qtranxs-available-languages-message qtranxs-available-languages-message-en\">Sorry, this entry is only available in <a href=\"https:\/\/www.libres-penseurs.net\/de\/wp-json\/wp\/v2\/posts\/1443\" class=\"qtranxs-available-language-link qtranxs-available-language-link-de\" title=\"Deutsch\">Deutsch<\/a>.<\/p><p><\/p>\n<div style=\"margin: 6px 0 1px 12px; float: right; width: 40%;\">\n<p><img decoding=\"async\" style=\"width: 100%;\" src=\"\/wp-wuf\/wp-content\/uploads\/WUF-Kongress_2023_Oesch.webp\" alt=\"Corinna Oesch\" \/><\/p>\n<p style=\"font-size: 0.9em; font-style: italic;\">Dr. Corinna Oesch, Wien, Historikerin mit Fokus auf Frauen- und Geschlechter\u00adgeschichte<\/p>\n<\/div>\n<p><strong>Dr. Corinna Oesch<\/strong> aus Wien erinnerte an die historische Situation, in der es zu den demokratischen Revolutionen in Europa und der Revolution 1848\/49 in Deutschland gekommen ist. Ausgehend von der Franz\u00f6sischen Revolution und einer Abfolge von Reaktion und neuerlichem Aufbegehren kulminierte die Demokratiebewegung letztlich in der Deutschen Nationalversammlung, die am 18. Mai 1848, also genau vor 175 Jahren, in der Frankfurter Paulskirche er\u00f6ffnet wurde.<\/p>\n<p><!--more--><\/p>\n<p>Statt eines \u201eehrf\u00fcrchtigen, sterilen\u201c Gedenkens an den Jahrestag komme es darauf an, sich zu vergegenw\u00e4rtigen, f\u00fcr welche Rechte Frauen und M\u00e4nner in der Revolution von 1848 gek\u00e4mpft haben, welche Rechte sie kurze Zeit innehatten, bevor die Reaktion die Errungenschaften der Revolution wieder zerschlug.<\/p>\n<p>Unterbelichtet bis heute bleibt die Rolle der Frau in der Revolution. Alle Abgeordneten in der Paulskirche waren M\u00e4nner, f\u00fcr die interessierten Frauen musste die \u201eDamengalerie\u201c erweitert werden. Auf den Stra\u00dfen engagierten sich allerdings Frauen in gro\u00dfer Zahl k\u00e4mpferisch f\u00fcr die Demokratie. Die allgemein als \u201eerste demokratische Verfassung\u201c gefeierte Paulskirchenverfassung \u00e4nderte allerdings nichts daran, dass F\u00fcrsten, Herz\u00f6ge und K\u00f6nige in den Einzelstaaten weiteramtierten. Als Staatsform sollte eine \u201ekonstitutionelle Monarchie\u201c sein, mit einem Kaiser als deutsches Staatsoberhaupt, der diesen Titel vererben konnte. Kennzeichnend f\u00fcr das heutige Gedenken: es stehe au\u00dfer Zweifel, dass unser heutiges \u201edas beste Deutschland (oder \u00d6sterreich) aller Zeiten\u201c sei. Man komme aber nicht umhin, das heutige politische System mit seinen globalen Verstrickungen kritisch zu betrachten.<\/p>\n<p>Es gehe darum, so Corinna Oesch, das heuchlerische Gedenken an 1848 von offizieller Seite mit einer ehrlichen Auseinandersetzung zu konfrontieren. Dies bedeutet insbesondere, Bez\u00fcge zwischen dem Kampf um Freiheitsrechte von 1848 und der heutigen Demokratiebewegung (Aufkl\u00e4rungs- und Verfassungsbewegung) herzustellen. Das d\u00fcrfe die Frage nicht aussparen, welche Grundrechte \u201ew\u00e4hrend der Pandemie\u201c au\u00dfer Kraft gesetzt wurden bzw. heute weiterhin ausgeh\u00f6hlt sind. Ebenso bedarf es eines wachen Blickes auf Bedrohungen in der Zukunft, die sich z.\u00a0B. unter dem Stichwort \u201eWHO-Komplex\u201c anbahnen.<\/p>\n<p><em>Aus: Bericht von Felicitas Rabe in <a href=\"https:\/\/de.rt.com\/inland\/170805-freidenker-bildung-neuen-multipolaren-weltordnung\/\">RT<\/a><\/em><\/p>","protected":false},"excerpt":{"rendered":"<p>Sorry, this entry is only available in Deutsch. Dr. Corinna Oesch, Wien, Historikerin mit Fokus auf Frauen- und Geschlechter\u00adgeschichte Dr. Corinna Oesch aus Wien erinnerte an die historische Situation, in der es zu den demokratischen Revolutionen in Europa und der Revolution 1848\/49 in Deutschland gekommen ist. Ausgehend von der Franz\u00f6sischen Revolution und einer Abfolge von&#8230;<\/p>\n","protected":false},"author":4,"featured_media":0,"comment_status":"closed","ping_status":"open","sticky":false,"template":"","format":"standard","meta":{"footnotes":""},"categories":[1,3],"tags":[],"class_list":["post-1443","post","type-post","status-publish","format-standard","hentry","category-allgemein","category-dokumentation"],"_links":{"self":[{"href":"https:\/\/www.libres-penseurs.net\/en\/wp-json\/wp\/v2\/posts\/1443","targetHints":{"allow":["GET"]}}],"collection":[{"href":"https:\/\/www.libres-penseurs.net\/en\/wp-json\/wp\/v2\/posts"}],"about":[{"href":"https:\/\/www.libres-penseurs.net\/en\/wp-json\/wp\/v2\/types\/post"}],"author":[{"embeddable":true,"href":"https:\/\/www.libres-penseurs.net\/en\/wp-json\/wp\/v2\/users\/4"}],"replies":[{"embeddable":true,"href":"https:\/\/www.libres-penseurs.net\/en\/wp-json\/wp\/v2\/comments?post=1443"}],"version-history":[{"count":10,"href":"https:\/\/www.libres-penseurs.net\/en\/wp-json\/wp\/v2\/posts\/1443\/revisions"}],"predecessor-version":[{"id":1717,"href":"https:\/\/www.libres-penseurs.net\/en\/wp-json\/wp\/v2\/posts\/1443\/revisions\/1717"}],"wp:attachment":[{"href":"https:\/\/www.libres-penseurs.net\/en\/wp-json\/wp\/v2\/media?parent=1443"}],"wp:term":[{"taxonomy":"category","embeddable":true,"href":"https:\/\/www.libres-penseurs.net\/en\/wp-json\/wp\/v2\/categories?post=1443"},{"taxonomy":"post_tag","embeddable":true,"href":"https:\/\/www.libres-penseurs.net\/en\/wp-json\/wp\/v2\/tags?post=1443"}],"curies":[{"name":"wp","href":"https:\/\/api.w.org\/{rel}","templated":true}]}}