{"id":351,"date":"1999-06-05T20:26:17","date_gmt":"1999-06-05T20:26:17","guid":{"rendered":"http:\/\/www.freidenker.org\/wuf\/cms\/?p=351"},"modified":"2017-10-15T11:42:33","modified_gmt":"2017-10-15T09:42:33","slug":"die-weltzivilisation-verteidigen","status":"publish","type":"post","link":"https:\/\/www.libres-penseurs.net\/en\/die-weltzivilisation-verteidigen\/","title":{"rendered":"Die Weltzivilisation verteidigen! (Erkl\u00e4rung zum NATO-Krieg gegen Jugoslawien)"},"content":{"rendered":"<p class=\"qtranxs-available-languages-message qtranxs-available-languages-message-en\">Sorry, this entry is only available in <a href=\"https:\/\/www.libres-penseurs.net\/de\/wp-json\/wp\/v2\/posts\/351\" class=\"qtranxs-available-language-link qtranxs-available-language-link-de\" title=\"Deutsch\">Deutsch<\/a>.<\/p><p>Weltunion der Freidenker<\/p>\n<p>Am 5. Juni 1999 war der Deutsche Freidenker-Verband M\u00fcnchen Gastgeber der Weltunion der Freidenker, die ihren Sitz in Paris hat. Der Internationale Rat, das \u201eParlament\u201c der Weltunion kam im M\u00fcnchner Freidenker-Zentrum zusammen, und beschlo\u00df die folgende Erkl\u00e4rung zum NATO-Krieg gegen Jugoslawien.<!--more--><\/p>\n<p>Angesichts des Krieges der NATO gegen Jugoslawien erkl\u00e4rt die Weltunion der Freidenker:<\/p>\n<p>Der Krieg gegen Jugoslawien ist ein Versto\u00df gegen die Charta der Vereinten Nationen und hat dem V\u00f6lkerrecht unerme\u00dflichen Schaden zugef\u00fcgt. Er stellt nach der UN-Resolution Nr. 130 vom 14.12.1974 eine Aggression und nach der Resolution Nr 75 (I) vom 11.12.1946 ein Verbrechen nach dem V\u00f6lkerrecht dar.<\/p>\n<p>Dieser Krieg hat dar\u00fcber hinaus mit der Zerst\u00f6rung ziviler Ziele und der Infrastruktur f\u00fcr das Leben der Zivilbev\u00f6lkerung, dem Einsatz nuklearer Munition und der gro\u00dffl\u00e4chigen Verlegung von Landminen durch Streubomben eklatant gegen das Kriegsv\u00f6lkerrecht verstossen.<\/p>\n<p>Dieser Krieg markiert den Versuch, das V\u00f6lkerrecht, das nach der Befreiung vom Faschismus 1945 auf Grundlage der \u00dcbereinstimmung der Anti-Hitler-Koalition entstanden ist und die g\u00fcltige Weltordnung begr\u00fcndet hat, dieses V\u00f6lkerrecht, das die Souver\u00e4nit\u00e4t und Gleichheit aller Staaten garantiert, durch einen rechtlosen Zustand zu ersetzen. Wenn im Zusammenhang mit diesem Krieg die Frage von Kriegsverbrechen aufgeworfen wird, dann mu\u00df hierbei insbesondere das grundlegende Verbrechen, die Ausl\u00f6sung des Krieges, dieses Verbrechen gegen das V\u00f6lkerrecht, in den Mittelpunkt gestellt werden. Es verst\u00f6\u00dft gegen die in der UN-Charta begr\u00fcndete Gleichheit aller Staaten, wenn auf internationaler Ebene juristische Instanzen mit eingeschr\u00e4nkter Zust\u00e4ndigkeit geschaffen werden, die selektiv und m\u00f6glicherweise im Auftrag einer Kriegspartei die andere Kriegspartei ins Visier nehmen, die Justiz zur Verfolgung von Kriegszielen instrumentalisiert wird.<\/p>\n<p>Mit diesem Krieg versuchen die USA die NATO als milit\u00e4risches Mittel zu nutzen, um auf den Tr\u00fcmmern des V\u00f6lkerrechts ihre unumschr\u00e4nkte Weltherrschaft zu etablieren. Die neue NATO-Doktrin f\u00fcr Milit\u00e4raktionen gem\u00e4\u00df eigenen Interessen und in selbst definierten Einflu\u00dfzonen hat bereits zu entsprechenden \u00c4nderungen der Milit\u00e4rdoktrinen Ru\u00dflands und Japans gef\u00fchrt. Es wir deutlich, da\u00df die Bem\u00fchungen um Abr\u00fcstung und Entmilitarisierung der internationalen Beziehungen untergraben werden. Insbesondere werden alle Bem\u00fchungen zur Nichtweiterverbreitung von ABC-Waffen zunichte gemacht, da alle potentiellen Opfer eines Angriffs der Weltordnungsm\u00e4chte ihre wirksamste Verteidigung im Besitz solcher Waffen sehen werden.<\/p>\n<p>Die Weltunion der Freidenker vertritt in der Tradition der Aufkl\u00e4rung und der Franz\u00f6sischen Revolution die universelle Geltung der Menschenrechte. Das mit diesem Krieg angegriffene Souver\u00e4nit\u00e4tsprinzip bildet nicht nur die Basis der UN-Charta, sondern auch der Allgemeinen Erkl\u00e4rung der Menschenrechte und der Europ\u00e4ischen Menschenrechtskonvention. Dieser Krieg verletzte nicht nur das grundlegende Menschenrecht auf Frieden, dieser Krieg unterminiert mit dem Angriff auf das Souver\u00e4nit\u00e4tsprinzip auch die gesellschaftliche Voraussetzung, die rechtliche Basis f\u00fcr die Verwirklichung der Menschenrechte.<\/p>\n<p>Die Weltunion der Freidenker ruft dazu auf, die dramatisch ver\u00e4nderte, qualitativ neue historische Situation zu erkennen und der Zerst\u00f6rung der Weltordnung entschlossen Widerstand entgegen zu setzen.<\/p>\n<p>Die mit dem Krieg gegen Jugoslawien begonnene Zerst\u00f6rung der UN als Weltorganisation und der auf ihr beruhenden Weltordnung mu\u00df aufgehoben, das V\u00f6lkerrecht auf Grundlage der UN-Charta wiederhergestellt, die Weltorganisation als oberste Autorit\u00e4t in den internationalen Beziehungen neu geschaffen werden.<\/p>\n<p>Die Weltunion der Freidenker repr\u00e4sentiert die Traditionen des Pazifismus und des Antimilitarismus. Auf dieser Grundlage sagt sie prinzipiell und entschieden Nein zu jedem Krieg und zu jedem Versuch kriegerischer Konfliktl\u00f6sung.<\/p>\n<p>Krieg und milit\u00e4rische Gewaltanwendung m\u00fcssen international ge\u00e4chtet werden. Zivilisierte internationale Beziehungen erfordern die Abwesenheit von Gewalt und Gewaltandrohung. Ohne die G\u00fcltigkeit und Durchsetzung dieses Prinzips l\u00e4\u00dft sich weder die Zahl regionaler Konflikte begrenzen, noch ihre Ausweitung unterbinden, vielmehr w\u00e4chst die Gefahr neuer weltweiter milit\u00e4rischer Konfrontation.<\/p>\n<p>Dieser Krieg markiert einen neuen Tiefpunkt der Presse- und Medienfreiheit. Presse und Medien haben, von wenigen Ausnahmen abgesehen, im Interesse der Kriegsparteien &#8211; wie gleichgeschaltet &#8211; funktioniert.<\/p>\n<p>Dieser Krieg zeigte erneut, da\u00df sich die ma\u00dfgeblichen Vertreter der Kirchen als Interessenvertreter und Auftragnehmer der staatlichen Strukturen verstehen, mit denen sie verflochten sind und von denen sie finanziert werden.<\/p>\n<p>Die Weltunion der Freidenker verurteilt Kriege f\u00fcr \u00f6konomische und geostrategische Interessen, die als Einsatz f\u00fcr Menschenrechte getarnt werden. Die Weltunion der Freidenker warnt vor der religi\u00f6sen und ethnischen Tarnung solcher konkreten Interessen sowie der damit verbundenen Aufheizung von Konflikten. Sie bekundet ihre Solidarit\u00e4t mit allen Opfern des Krieges, unabh\u00e4ngig ihrer Nationalit\u00e4t.<\/p>\n<p>Die Weltunion der Freidenker warnt vor den Gefahren des religi\u00f6sen Fundamentalismus, der in den ungleichen \u00f6konomischen Beziehungen und neokolonialen Abh\u00e4ngigkeiten einen idealen N\u00e4hrboden findet. Die Weltunion der Freidenker verurteilt Terrorismus und die Zerst\u00f6rung multiethnischer Staaten, sie verurteilt die interessengeleitete Doppelmoral vieler Staaten in dieser Frage.<\/p>\n<p>Die Weltunion der Freidenker verurteilt das Streben nach religi\u00f6s, konfessionell oder ethnisch \u201ereinen&#8221; Staaten als Form des Rassismus. Sie verteidigt die prinzipielle Gleichberechtigung aller Menschen unabh\u00e4ngig ihrer sozialen Lage, ethnischen Zugeh\u00f6rigkeit, ihres weltanschaulichen oder religi\u00f6sen Bekenntnisses. Sie verteidigt die Prinzipien der laizistischen und demokratischen Republik als Fundament eines toleranten Zusammenlebens.<\/p>\n<p>Die Weltunion der Freidenker wirkt f\u00fcr die Verteidigung des V\u00f6lkerrechts und gegen seine Ersetzung durch den Naturzustand, f\u00fcr die Verteidigung der Zivilisation und gegen den R\u00fcckfall in die Barbarei. Dies ist die entscheidende Voraussetzung f\u00fcr die Geltendmachung und Durchsetzung der Menschenrechte, die unabdingbare Grundlage f\u00fcr die v\u00f6llige Emanzipation des menschlichen Individuums, f\u00fcr das \u00dcberleben der Weltzivilisation, f\u00fcr das Offenhalten des Weges in eine menschliche Zukunft.<\/p>\n<p>Beschlossen vom Internationalen Rat der Weltunion der Freidenker<\/p>\n<p>M\u00fcnchen, den 05.06.1999<\/p>\n<p>Klaus Hartmann<\/p>\n<p>(Pr\u00e4sident der Weltunion der Freidenker)<\/p>","protected":false},"excerpt":{"rendered":"<p>Sorry, this entry is only available in Deutsch.Weltunion der Freidenker Am 5. Juni 1999 war der Deutsche Freidenker-Verband M\u00fcnchen Gastgeber der Weltunion der Freidenker, die ihren Sitz in Paris hat. Der Internationale Rat, das \u201eParlament\u201c der Weltunion kam im M\u00fcnchner Freidenker-Zentrum zusammen, und beschlo\u00df die folgende Erkl\u00e4rung zum NATO-Krieg gegen Jugoslawien.<\/p>\n","protected":false},"author":3,"featured_media":0,"comment_status":"closed","ping_status":"closed","sticky":false,"template":"","format":"standard","meta":{"footnotes":""},"categories":[3],"tags":[],"class_list":["post-351","post","type-post","status-publish","format-standard","hentry","category-dokumentation"],"_links":{"self":[{"href":"https:\/\/www.libres-penseurs.net\/en\/wp-json\/wp\/v2\/posts\/351","targetHints":{"allow":["GET"]}}],"collection":[{"href":"https:\/\/www.libres-penseurs.net\/en\/wp-json\/wp\/v2\/posts"}],"about":[{"href":"https:\/\/www.libres-penseurs.net\/en\/wp-json\/wp\/v2\/types\/post"}],"author":[{"embeddable":true,"href":"https:\/\/www.libres-penseurs.net\/en\/wp-json\/wp\/v2\/users\/3"}],"replies":[{"embeddable":true,"href":"https:\/\/www.libres-penseurs.net\/en\/wp-json\/wp\/v2\/comments?post=351"}],"version-history":[{"count":1,"href":"https:\/\/www.libres-penseurs.net\/en\/wp-json\/wp\/v2\/posts\/351\/revisions"}],"predecessor-version":[{"id":733,"href":"https:\/\/www.libres-penseurs.net\/en\/wp-json\/wp\/v2\/posts\/351\/revisions\/733"}],"wp:attachment":[{"href":"https:\/\/www.libres-penseurs.net\/en\/wp-json\/wp\/v2\/media?parent=351"}],"wp:term":[{"taxonomy":"category","embeddable":true,"href":"https:\/\/www.libres-penseurs.net\/en\/wp-json\/wp\/v2\/categories?post=351"},{"taxonomy":"post_tag","embeddable":true,"href":"https:\/\/www.libres-penseurs.net\/en\/wp-json\/wp\/v2\/tags?post=351"}],"curies":[{"name":"wp","href":"https:\/\/api.w.org\/{rel}","templated":true}]}}