{"id":636,"date":"2014-09-19T11:01:59","date_gmt":"2014-09-19T09:01:59","guid":{"rendered":"http:\/\/www.libres-penseurs.net\/?p=636"},"modified":"2018-07-16T16:49:40","modified_gmt":"2018-07-16T14:49:40","slug":"spa-19-septembre-bureaux-et-conseil-international-compte-rendu","status":"publish","type":"post","link":"https:\/\/www.libres-penseurs.net\/en\/spa-19-septembre-bureaux-et-conseil-international-compte-rendu\/","title":{"rendered":"Spa 19 Septembre 2014: Bureaux et Conseil International &#8211; Compte-Rendu"},"content":{"rendered":"<p class=\"qtranxs-available-languages-message qtranxs-available-languages-message-en\">Sorry, this entry is only available in <a href=\"https:\/\/www.libres-penseurs.net\/fr\/wp-json\/wp\/v2\/posts\/636\" class=\"qtranxs-available-language-link qtranxs-available-language-link-fr\" title=\"Fran\u00e7ais\">Fran\u00e7ais<\/a>.<\/p><p>UNION MONDIALE DES LIBRES PENSEURS<br \/>\nWELTUNION DER FREIDENKER<br \/>\nWORLD UNION OF FREETHINKERS<\/p>\n<p>R\u00e9union commune du Conseil International et du Bureau<br \/>\n\u00e0 Spa le Vendredi 19 Septembre 2014<br \/>\n\u00e0 la Salle Vin\u00e2ve des Capucins, 39 rue du Waux-Hall de 16\u00a0:30 \u00e0 18\u00a0:30 heures<!--more--><\/p>\n<p>Compte-Rendu<\/p>\n<p><em><u>Participants:<\/u><\/em><\/p>\n<p>Bureau: Klaus Hartmann (Pr\u00e9sident), Thierry Kopernik, Klaus von Raussendorff, Peter Berger<br \/>\nD\u00e9l\u00e9g\u00e9s C.I.\u00a0: Ian Bailey pour DFV\u00a0; Jean-Francois Mar\u00e9chal pour La Raison Spa<br \/>\nPr\u00e9sident d\u2019Honneur\u00a0: Louis Roger<br \/>\nAutres: Dominique Roger, Vera Glitscher, Monika Hartmann, Laurence Kopernik.<\/p>\n<p><em><u>Agenda<\/u><\/em><\/p>\n<ol>\n<li>M\u00e9moire de Maurice Azoulay et d\u2019 Aloyse Schmitz<\/li>\n<\/ol>\n<p>Le pr\u00e9sident demande les participants de se lever en comm\u00e9moration de Maurice Azoulay et d\u2019Aloyse Schmitz. Il rappelle qu\u2019 Aloyse Schmitz a contribu\u00e9 pendant des ann\u00e9es aux activit\u00e9es de l\u2019UM en tant que membre du bureau et en sa fonction de tr\u00e9sorier. Puis Louis Roger dans un bref discours se souvient de la vie et la personnalit\u00e9 de Maurice Azoulay en soulignant que c\u2019est un exemple qui doit nous inspirer dans nos combats. (voir Annex I)<\/p>\n<ol start=\"2\">\n<li>Proc\u00e8s verbal de la r\u00e9union du 24 et 25 Mai 2013 \u00e0 Mannheim<\/li>\n<\/ol>\n<p>Le document, qui par erreur n\u2019\u00e9tait pas disponible \u00e0 la r\u00e9union, sera distribu\u00e9 en fichier \u00e9lectronique par courriel aux membres du bureau, qui seront ainsi en mesure de faire des remarques \u00e9ventuels et de donner leur accord.<\/p>\n<ol start=\"3\">\n<li>Adh\u00e9sion du Cercle de Libre Pens\u00e9e Spa LA RAISON<\/li>\n<\/ol>\n<p>Le bureau se f\u00e9licite de la demande d\u2019adh\u00e9sion faite par le Cercle de Libre Pens\u00e9e Spa LA RAISON dans sa lettre en date du 2 Mai 2014. Il appr\u00e9cie l\u2019initiative des libres penseurs de Spa prise pour organiser au lendemain un colloque sous le titre \u00ab\u00a0L\u2019Autre Guerre\u00a0\u00bb de 1914-1918, dont l\u2019UM a eu le plaisir d\u2019assumer le patronage. L\u2019adh\u00e9sion est approuv\u00e9e \u00e0 l\u2019unanimit\u00e9. La cotisation annuelle sera 50 \u20ac. Repr\u00e9sentant le Cercle de Spa \u00e0 la r\u00e9union Jean-Fran\u00e7ois Mar\u00e9chal fait un bref expos\u00e9 de la situation des libres penseurs en Belgique. Il rappelle, qu\u2019au milieu des ann\u00e9es 1990 on a essay\u00e9 de cr\u00e9er une structure nationale des libres penseurs belges. En m\u00eame temps on pr\u00e9parait l\u2019adh\u00e9sion \u00e0 l\u2019UM. Mais ces efforts \u00e0 l\u2019\u00e9poque n\u2019ont malheureusement pas pu \u00eatre men\u00e9s \u00e0 bien \u00e0 cause d\u2019irritations r\u00e9sultant d\u2019une proposition mal \u00e0 propos d\u2019une candidature pour la pr\u00e9sidence de l\u2019UMLP d\u2019un belge, qui lui n\u2019en \u00e9tait m\u00eame pas au courant. Jean-Fran\u00e7ois Mar\u00e9chal exprime son espoir, que l\u2019adh\u00e9sion du groupe de Spa fournirait une base pour des efforts renouvel\u00e9s pour aligner d\u2019autres libres penseurs belges \u00e0 l\u2019UM et de cr\u00e9er des liens renforc\u00e9s entre eux.<\/p>\n<ol start=\"4\">\n<li>Si\u00e8ge Social de UMLP<\/li>\n<\/ol>\n<p>Suite au d\u00e9c\u00e8s de Maurice Azoulay son adresse \u00e0 Paris ne peut plus servir comme celle de l\u2019UMLP. Il est donc imp\u00e9ratif de trouver une nouvelle adresse, puisque les lois fran\u00e7aises exigent qu\u2019une association ait une adresse dans le lieu m\u00eame indiqu\u00e9 comme son si\u00e8ge social. Les membres fran\u00e7ais expriment leur regret, qu\u2019il n\u2019y ait plus ni groupe ni membre de l\u2019ADFLP \u00e0 Paris. L pr\u00e9sident adjoint Thierry Kopernik fait \u00e9tat de ce qu\u2019on avait adress\u00e9 une demande \u00e0 la mairie de Magnanville, si\u00e8ge de l\u2019ADFLP, en vue d\u2019y transf\u00e9rer le si\u00e8ge de l\u2019UMLP. Mais que jusqu\u2019\u00e0 pr\u00e9sent cette demande \u00e9tait rest\u00e9e sans r\u00e9ponse. On d\u00e9cide donc de laisser tomber cette proposition et de poursuivre d\u2019autres pistes. D\u2019abord c\u2019est au Luxembourg, o\u00f9 les modalit\u00e9s l\u00e9gales d\u2019enregistrement d\u2019une association sont cens\u00e9es d\u2019\u00eatre les plus lib\u00e9rales, qu\u2019on d\u00e9cide d\u2019obtenir les informations n\u00e9cessaires et qu\u2019on en parle \u00e0 des amis luxembourgeois. En cas, que cette d\u00e9marche n\u2019aura pas de r\u00e9sultat positif, on d\u00e9cide d\u2019opter pour Strasbourg, ville europ\u00e9enne, \u00e9tant donn\u00e9 que Thierry Kopernik avait propos\u00e9 d\u2019utiliser provisoirement pour si\u00e8ge de l\u2019UMLP son adresse priv\u00e9e (52 route d&#8217;Altenheim, 67100 Strasbourg).<\/p>\n<ol start=\"5\">\n<li>Le point sur la tr\u00e9sorerie<\/li>\n<\/ol>\n<p>Le tr\u00e9sorier soumet un tableau des cotisations pay\u00e9es et un tableau d\u2019un extrait du livre de compte.(voire Annex II) Il en ressort les cotisations qui sont dues pour 2013 (deux organisations) et pour 2014 (tous les cinq organisations). Le compte de l\u2019UM montre un avoir de 14.827,60 \u20ac. (IBAN LU31 1111 2138 5870 0000\u00a0; BIC CCPLLULL aux P&amp;T Luxembourg Cheques Postaux) On demande au tr\u00e9sorier de contacter les organisations pour le r\u00e8glement es montants dus.<\/p>\n<ol start=\"6\">\n<li>Activit\u00e9s des associations<\/li>\n<\/ol>\n<p>Le d\u00e9l\u00e9gu\u00e9 du DFV pr\u00e9sente un rapport de son organisation en allemand et en fran\u00e7ais (Annexe III)<\/p>\n<ol start=\"7\">\n<li>Pr\u00e9sentation et vote sur les motions et r\u00e9solutions<\/li>\n<\/ol>\n<p>Le pr\u00e9sident Klaus Hartmann propose d\u2019adopter une r\u00e9solution sur les dangers des guerres, qui se sont multipli\u00e9s depuis la fin de la soi-disant guerre froide. Comme \u00e0 ce temps l\u00e0 le risque s\u2019est pos\u00e9 de nouveau qu\u2019il y ait un virement \u00e0 une guerre chaude en Europe. La r\u00e9solution propos\u00e9e devrait mettre en garde contre ce danger, ce\u00a0 qui serait d\u2018autant plus appropri\u00e9 puisqu\u2019elle ferait \u00e9cho \u00e0 notre colloque sur la Premi\u00e8re Mondial \u00ab\u00a0L\u2019Autre guerre\u00a0\u00bb. La r\u00e9solution est adopt\u00e9e \u00e0 l\u2019unanimit\u00e9 avec une modification propos\u00e9e par le pr\u00e9sident d\u2019honneur Louis Roger soulignant le droit d\u2019autod\u00e9termination des peuples.<\/p>\n<ol start=\"8\">\n<li>\u00c9ventuellement: \u00e9lection des nouveau membres du bureau<\/li>\n<\/ol>\n<p>La question de la repr\u00e9sentation du groupe La Raison de Spa au bureau est \u00e9voqu\u00e9e. Jean-Fran\u00e7ois Mar\u00e9chal se dit disponible \u00e0 remplir des fonctions d\u2019organisation pour le bureau en coop\u00e9ration \u00e9troite avec le secr\u00e9taire g\u00e9n\u00e9ral. Le bureau lui remercie et d\u00e9cide ainsi en attendant que la question de son \u00e9lection en tant que secr\u00e9taire g\u00e9n\u00e9ral sera soulev\u00e9e \u00e0 la prochaine r\u00e9union.<\/p>\n<ol start=\"9\">\n<li>Date et lieu de la prochaine r\u00e9union<\/li>\n<\/ol>\n<p>Le bureau discute l\u2019\u00e9ventualit\u00e9 d\u2019une r\u00e9union en Suisse. Selon Peter Berger les conditions \u00e0 Bale sont moins bonnes qu\u2019on pensait auparavant. On fait remarquer qu\u2019en principe le bureau devrait se r\u00e9unir l\u00e0 o\u00f9 il y a des libres penseurs qui par un tel \u00e9v\u00e8nement pourraient \u00eatre encourag\u00e9s et assist\u00e9s dans leurs activit\u00e9s.<\/p>\n<p>Il est d\u00e9cid\u00e9 d\u2019envisager Strasbourg comme lieu de pr\u00e9f\u00e9rence, o\u00f9 selon Thierry Kopernik les conditions logistiques sont favorables. On souligne qu\u2019il serait tr\u00e8s d\u00e9sirable que comme cette ann\u00e9e un colloque soit organis\u00e9 sur un th\u00e8me d\u2019actualit\u00e9. On rappelle que le 8 Mai 2015 est le 70<sup>i\u00e8me<\/sup> anniversaire de la Lib\u00e9ration.<\/p>\n<ol start=\"10\">\n<li>Discours de cl\u00f4ture du Pr\u00e9sident<\/li>\n<\/ol>\n<p>Le pr\u00e9sident Klaus Hartmann remercie les camarade de Spa et Jean-Fran\u00e7ois Mar\u00e9chal en particulier d\u2019avoir organis\u00e9 la r\u00e9union et le colloque.<\/p>\n<p>&nbsp;<\/p>\n<p>_______________________________________________________________________<\/p>\n<p>Union Mondiale des Libres Penseurs &#8211; World Union of Freethinkers &#8211; Weltunion der Freidenker<\/p>\n<p>Klaus Hartmann (Pr\u00e9sident) \u00a0\u00a0\u00a0\u00a0\u00a0\u00a0\u00a0\u00a0\u00a0\u00a0\u00a0\u00a0\u00a0\u00a0\u00a0\u00a0\u00a0\u00a0\u00a0\u00a0\u00a0\u00a0\u00a0\u00a0\u00a0\u00a0\u00a0\u00a0\u00a0\u00a0\u00a0\u00a0\u00a0\u00a0\u00a0\u00a0\u00a0\u00a0\u00a0\u00a0\u00a0\u00a0\u00a0\u00a0\u00a0 \u00a0\u00a0\u00a0\u00a0\u00a0\u00a0\u00a0\u00a0\u00a0\u00a0\u00a0\u00a0\u00a0\u00a0\u00a0 Klaus von Raussendorff (Secr\u00e9taire G\u00e9n\u00e9ral et Tr\u00e9sorier)<\/p>\n<p><em>Schillstra\u00dfe 7, D 63067 Offenbach\u00a0\u00a0\u00a0\u00a0\u00a0\u00a0\u00a0\u00a0\u00a0\u00a0\u00a0\u00a0\u00a0\u00a0\u00a0\u00a0\u00a0\u00a0\u00a0\u00a0\u00a0\u00a0\u00a0\u00a0\u00a0\u00a0\u00a0\u00a0\u00a0\u00a0\u00a0\u00a0\u00a0\u00a0\u00a0\u00a0\u00a0 <\/em><em>An der Nesselburg 91, D 53179 Bonn<\/em><\/p>\n<p><em>Tel.: +49 (0) <\/em><em>835850\u00a0\u00a0\u00a0\u00a0\u00a0\u00a0\u00a0\u00a0\u00a0\u00a0\u00a0\u00a0\u00a0\u00a0\u00a0\u00a0\u00a0\u00a0\u00a0\u00a0\u00a0\u00a0\u00a0\u00a0\u00a0\u00a0\u00a0\u00a0\u00a0\u00a0\u00a0\u00a0\u00a0\u00a0\u00a0\u00a0\u00a0\u00a0\u00a0\u00a0\u00a0\u00a0\u00a0\u00a0\u00a0\u00a0\u00a0\u00a0\u00a0\u00a0\u00a0\u00a0\u00a0\u00a0\u00a0\u00a0\u00a0\u00a0\u00a0\u00a0 <\/em><em>Tel.: +49 (0) 0228 346850<\/em><\/p>\n<p><em>e-mail\u00a0: <\/em><a href=\"mailto:vorstand@freidenker.de\"><em>vorstand@freidenker.de<\/em><\/a><em> \u00a0\u00a0\u00a0\u00a0\u00a0\u00a0\u00a0\u00a0\u00a0\u00a0\u00a0\u00a0\u00a0\u00a0\u00a0\u00a0\u00a0\u00a0\u00a0\u00a0\u00a0\u00a0\u00a0\u00a0\u00a0\u00a0\u00a0\u00a0\u00a0\u00a0\u00a0\u00a0\u00a0\u00a0\u00a0\u00a0\u00a0\u00a0\u00a0\u00a0 <\/em><em>e-mail: <\/em><a href=\"mailto:k.v.raussendorff@freidenker.de\"><em>k.v.raussendorff@freidenker.de<\/em><\/a><\/p>\n<p>&nbsp;<\/p>\n<p>&nbsp;<\/p>","protected":false},"excerpt":{"rendered":"<p>Sorry, this entry is only available in Fran\u00e7ais.UNION MONDIALE DES LIBRES PENSEURS WELTUNION DER FREIDENKER WORLD UNION OF FREETHINKERS R\u00e9union commune du Conseil International et du Bureau \u00e0 Spa le Vendredi 19 Septembre 2014 \u00e0 la Salle Vin\u00e2ve des Capucins, 39 rue du Waux-Hall de 16\u00a0:30 \u00e0 18\u00a0:30 heures<\/p>\n","protected":false},"author":3,"featured_media":0,"comment_status":"closed","ping_status":"open","sticky":false,"template":"","format":"standard","meta":{"footnotes":""},"categories":[4],"tags":[],"class_list":["post-636","post","type-post","status-publish","format-standard","hentry","category-veranstaltungen"],"_links":{"self":[{"href":"https:\/\/www.libres-penseurs.net\/en\/wp-json\/wp\/v2\/posts\/636","targetHints":{"allow":["GET"]}}],"collection":[{"href":"https:\/\/www.libres-penseurs.net\/en\/wp-json\/wp\/v2\/posts"}],"about":[{"href":"https:\/\/www.libres-penseurs.net\/en\/wp-json\/wp\/v2\/types\/post"}],"author":[{"embeddable":true,"href":"https:\/\/www.libres-penseurs.net\/en\/wp-json\/wp\/v2\/users\/3"}],"replies":[{"embeddable":true,"href":"https:\/\/www.libres-penseurs.net\/en\/wp-json\/wp\/v2\/comments?post=636"}],"version-history":[{"count":4,"href":"https:\/\/www.libres-penseurs.net\/en\/wp-json\/wp\/v2\/posts\/636\/revisions"}],"predecessor-version":[{"id":840,"href":"https:\/\/www.libres-penseurs.net\/en\/wp-json\/wp\/v2\/posts\/636\/revisions\/840"}],"wp:attachment":[{"href":"https:\/\/www.libres-penseurs.net\/en\/wp-json\/wp\/v2\/media?parent=636"}],"wp:term":[{"taxonomy":"category","embeddable":true,"href":"https:\/\/www.libres-penseurs.net\/en\/wp-json\/wp\/v2\/categories?post=636"},{"taxonomy":"post_tag","embeddable":true,"href":"https:\/\/www.libres-penseurs.net\/en\/wp-json\/wp\/v2\/tags?post=636"}],"curies":[{"name":"wp","href":"https:\/\/api.w.org\/{rel}","templated":true}]}}