{"id":296,"date":"2008-05-10T10:09:17","date_gmt":"2008-05-10T08:09:17","guid":{"rendered":"http:\/\/www.freidenker.org\/wuf\/cms\/?p=296"},"modified":"2017-10-15T11:37:42","modified_gmt":"2017-10-15T09:37:42","slug":"42eme-congres-de-lunion-mondial-des-libres-penseurs-geneve-10-11-mai-2008","status":"publish","type":"post","link":"https:\/\/www.libres-penseurs.net\/fr\/42eme-congres-de-lunion-mondial-des-libres-penseurs-geneve-10-11-mai-2008\/","title":{"rendered":"Allocution du pr\u00e9sident Louis Roger au 42\u00e8me Congr\u00e8s de l&rsquo;UMLP (Gen\u00e8ve 10-11 Mai 2008)"},"content":{"rendered":"<p>Remerciements \u00e0 vous tous, chers amis, chers camarades pour votre pr\u00e9sence.<br \/>\nNous observons une minute de silence \u00e0 la m\u00e9moire de notre camarade Wolfgang Soos, de Vienne, notre ancien pr\u00e9sident d\u00e9c\u00e9d\u00e9 en mars 2006.<\/p>\n<p>Notre association de F\u00e9d\u00e9rations de Libres Penseurs a vu le jour en 1862 \u00e0 HEIDELBERG.<!--more--><\/p>\n<p>Le Congr\u00e8s de 1902 a eu lieu \u00e0 Gen\u00e8ve\u00a0; 106 ans plus tard nous nous retrouvons dans cette ville hautement symbolique du Si\u00e8cle des Lumi\u00e8res qui nous fait penser \u00e0 Voltaire et \u00e0 Rousseau. C\u2019est dans cette ville aussi qu\u2019au 20<sup>\u00e8me<\/sup> si\u00e8cle si\u00e9geait la Soci\u00e9t\u00e9 des Nations dont le but \u00e9tait la paix entre les nations. Depuis la fin de la 2<sup>\u00e8me<\/sup> guerre mondiale elle h\u00e9berge de nombreuses instances de coop\u00e9ration entre les peuples du monde entier. C\u2019est donc une ville charg\u00e9e d\u2019Histoire, prestigieuse et d\u2019une renomm\u00e9e internationale qui nous accueille.<\/p>\n<p>Les combats des Libres Penseurs en Europe entre 1850 et 1914 ont \u00e9t\u00e9 d\u00e9terminants pour la la\u00efcit\u00e9 et les libert\u00e9s individuelles et collectives.<\/p>\n<p>La guerre de 14-18 a mis un coup d\u2019arr\u00eat aux actions de la Libre Pens\u00e9e europ\u00e9enne et la p\u00e9riode d\u2019entre les deux guerres a \u00e9t\u00e9 d\u00e9vastatrice pour les effectifs des Libres Penseurs surtout en Allemagne et en Autriche. Actuellement, \u00a0en Europe, il existe de nombreuses associations de Libres Penseurs, de Rationalistes, d\u2019Ath\u00e9es qui, malheureusement, ne font pas preuve de synergie et c\u2019est regrettable.<\/p>\n<p>Depuis 1902, beaucoup d\u2019\u00e9v\u00e8nements internationaux et des bouleversements g\u00e9opolitiques, de progr\u00e8s scientifiques et technologiques ont incontestablement chang\u00e9 nos visions philosophiques et sociales de nos soci\u00e9t\u00e9s et donc nos pr\u00e9occupations des Libres Penseurs.<\/p>\n<p>Si les acquis de nos devanciers \u00a0des 19 \u00e8me et 20 \u00e8me si\u00e8cles persistent, d\u2019autres dangers et d\u2019autres perversions sont apparus depuis une vingtaine d\u2019ann\u00e9es.<\/p>\n<p>Nous voyons la mont\u00e9e des int\u00e9grismes religieux\u00a0: \u00e9vang\u00e9lismes protestants, cr\u00e9ationnisme, dessein intelligent, islamisme, fondamentalismes catholiques, sectes diverses.<\/p>\n<p style=\"padding-left: 30px;\">&#8211; \u00a0 la religion est obligatoire dans beaucoup de pays<\/p>\n<p style=\"padding-left: 30px;\">&#8211; \u00a0 les pouvoirs politique et religieux sont confondus (charia) dans de nombreux \u00e9tats<\/p>\n<p style=\"padding-left: 30px;\">&#8211; \u00a0 les oukases r\u00e9trogrades et criminels de Jean-Paul II et de son successeur Beno\u00eet XVI sur les questions sexuelles,\u00a0la\u00a0\u00a0 lutte contre le sida en Afrique ont toujours cours.<\/p>\n<p style=\"padding-left: 30px;\">&#8211; \u00a0 Apr\u00e8s la fatwa contre Salman RUSHDIE nous avons connu l\u2019affaire des caricatures au Danemark, l\u2019affaire du\u00a0professeur REDEKKER en France, le retrait de l\u2019op\u00e9ra de Mozart \u00e0 Berlin<\/p>\n<p style=\"padding-left: 30px;\">&#8211; \u00a0 \u00a0Le Vatican a canonis\u00e9 30 pr\u00eatres franquistes assassins de r\u00e9publicains espagnols<\/p>\n<p style=\"padding-left: 30px;\">Tous ces faits sont des atteintes \u00e0 la libert\u00e9 et \u00e0 la dignit\u00e9 humaine et c\u2019est pour cela que nos associations doivent s\u2019engager et mener des combats.<\/p>\n<p>Certes, nous ne sommes pas des puissances financi\u00e8res, nous ne poss\u00e9dons pas de lourds moyens de communication (t\u00e9l\u00e9vision et radio) mais nous avons pour nous la libert\u00e9 d\u2019expression.<\/p>\n<p>Nous devons nous exprimer haut et fort dans nos revues et sur Internet, dans nos r\u00e9unions, dans nos actions en commun avec d\u2019autres associations qui ont les m\u00eames objectifs que nous.<\/p>\n<p>Les id\u00e9es \u00e0 propager, les causes \u00e0 d\u00e9fendre, les combats \u00e0 mener sont nombreux et imp\u00e9ratifs. Je citerai\u00a0: La la\u00efcit\u00e9 qui n\u2019a pas de fronti\u00e8re:<\/p>\n<p style=\"padding-left: 30px;\">&#8211; \u00a0 \u00a0La s\u00e9paration des \u00e9glises de des \u00e9tats<\/p>\n<p style=\"padding-left: 30px;\">&#8211; \u00a0 \u00a0Le non financement des cultes et des \u00e9coles religieuses<\/p>\n<p>Nous devons d\u00e9noncer fermement tous les dogmatismes, les int\u00e9grismes religieux et les agissements crapuleux et mortif\u00e8res des sectes.<\/p>\n<p>Il nous faut aussi condamner les atteintes aux droits de la femme, les mutilations sexuelles et les mariages forc\u00e9s.<\/p>\n<p>Il faut d\u00e9fendre\u00a0:<\/p>\n<p style=\"padding-left: 30px;\">&#8211; \u00a0 \u00a0le droit \u00e0 la critique des religions<\/p>\n<p style=\"padding-left: 30px;\">&#8211; \u00a0 \u00a0le droit \u00e0 la caricature et au blasph\u00e8me<\/p>\n<p style=\"padding-left: 30px;\">&#8211; \u00a0 \u00a0le droit \u00e0 la cr\u00e9ation artistique (th\u00e9\u00e2tre, cin\u00e9ma, expositions)<\/p>\n<p style=\"padding-left: 30px;\">&#8211; \u00a0 \u00a0le droit aux publications diverses sur les religions<\/p>\n<p style=\"padding-left: 30px;\">&#8211; \u00a0 \u00a0le droit \u00e0 la contraception et l\u2019interruption volontaire de grossesse<\/p>\n<p style=\"padding-left: 30px;\">&#8211; \u00a0 \u00a0le droit \u00e0 la recherche scientifique sur les cellules souches de l\u2019embryon<\/p>\n<p style=\"padding-left: 30px;\">&#8211; \u00a0 \u00a0le droit \u00e0 l\u2019euthanasie active et au suicide assist\u00e9 en fin de vie<\/p>\n<p style=\"padding-left: 30px;\">&#8211; \u00a0 \u00a0le droit \u00e0 sa sexualit\u00e9 librement choisie<\/p>\n<p>Nos associations de Libres Penseurs ont toujours \u0153uvr\u00e9 pour la paix. Il est de notre devoir de militer pour le d\u00e9sarmement \u00a0nucl\u00e9aire, pour l\u2019interdiction des armes chimiques et bact\u00e9riologiques et pour la destruction imm\u00e9diate des bombes \u00e0 sous-munitions.<\/p>\n<p>Pour mener \u00e0 bien les actions de ce vaste programme la volont\u00e9 et le d\u00e9sint\u00e9ressement sont n\u00e9cessaires. Il convient aussi d\u2019 \u00e9viter trois \u00e9cueils\u00a0: le politiquement correct, le religieusement correct et leur corollaire oblig\u00e9\u00a0: l\u2019AUTOCENSURE qui \u00a0est une forme de l\u00e2chet\u00e9 et souvent un calcul politique pratiqu\u00e9 par certaines associations.<\/p>\n<p>A notre niveau, avec les moyens qui sont les n\u00f4tres nous devons faire preuve de courage de nos id\u00e9es.<\/p>\n<p>Je suis convaincu que c\u2019est l\u2019\u00e9tat d\u2019esprit qui anime chacun d\u2019entre nous ici.<\/p>\n<p>Remerciements \u00e0 la Suisse, \u00e0 Joseph Bouquet qui s\u2019est investi dans la pr\u00e9paration de ce Congr\u00e8s depuis octobre 2007<\/p>","protected":false},"excerpt":{"rendered":"<p>Remerciements \u00e0 vous tous, chers amis, chers camarades pour votre pr\u00e9sence. Nous observons une minute de silence \u00e0 la m\u00e9moire de notre camarade Wolfgang Soos, de Vienne, notre ancien pr\u00e9sident d\u00e9c\u00e9d\u00e9 en mars 2006. Notre association de F\u00e9d\u00e9rations de Libres Penseurs a vu le jour en 1862 \u00e0 HEIDELBERG.<\/p>\n","protected":false},"author":3,"featured_media":0,"comment_status":"closed","ping_status":"closed","sticky":false,"template":"","format":"standard","meta":{"footnotes":""},"categories":[3,4],"tags":[],"class_list":["post-296","post","type-post","status-publish","format-standard","hentry","category-dokumentation","category-veranstaltungen"],"_links":{"self":[{"href":"https:\/\/www.libres-penseurs.net\/fr\/wp-json\/wp\/v2\/posts\/296","targetHints":{"allow":["GET"]}}],"collection":[{"href":"https:\/\/www.libres-penseurs.net\/fr\/wp-json\/wp\/v2\/posts"}],"about":[{"href":"https:\/\/www.libres-penseurs.net\/fr\/wp-json\/wp\/v2\/types\/post"}],"author":[{"embeddable":true,"href":"https:\/\/www.libres-penseurs.net\/fr\/wp-json\/wp\/v2\/users\/3"}],"replies":[{"embeddable":true,"href":"https:\/\/www.libres-penseurs.net\/fr\/wp-json\/wp\/v2\/comments?post=296"}],"version-history":[{"count":1,"href":"https:\/\/www.libres-penseurs.net\/fr\/wp-json\/wp\/v2\/posts\/296\/revisions"}],"predecessor-version":[{"id":728,"href":"https:\/\/www.libres-penseurs.net\/fr\/wp-json\/wp\/v2\/posts\/296\/revisions\/728"}],"wp:attachment":[{"href":"https:\/\/www.libres-penseurs.net\/fr\/wp-json\/wp\/v2\/media?parent=296"}],"wp:term":[{"taxonomy":"category","embeddable":true,"href":"https:\/\/www.libres-penseurs.net\/fr\/wp-json\/wp\/v2\/categories?post=296"},{"taxonomy":"post_tag","embeddable":true,"href":"https:\/\/www.libres-penseurs.net\/fr\/wp-json\/wp\/v2\/tags?post=296"}],"curies":[{"name":"wp","href":"https:\/\/api.w.org\/{rel}","templated":true}]}}