{"id":384,"date":"2005-08-31T11:43:50","date_gmt":"2005-08-31T11:43:50","guid":{"rendered":"http:\/\/www.freidenker.org\/wuf\/cms\/?p=384"},"modified":"2017-10-15T11:37:19","modified_gmt":"2017-10-15T09:37:19","slug":"erklarung-zum-katholischen-weltjugendtag-in-koln-august-2005","status":"publish","type":"post","link":"https:\/\/www.libres-penseurs.net\/fr\/erklarung-zum-katholischen-weltjugendtag-in-koln-august-2005\/","title":{"rendered":"Aufstehen statt niederknien"},"content":{"rendered":"<p class=\"qtranxs-available-languages-message qtranxs-available-languages-message-fr\">D\u00e9sol\u00e9, cet article est seulement disponible en <a href=\"https:\/\/www.libres-penseurs.net\/de\/wp-json\/wp\/v2\/posts\/384\" class=\"qtranxs-available-language-link qtranxs-available-language-link-de\" title=\"Deutsch\">Deutsch<\/a>.<\/p><p><strong>Erkl\u00e4rung zum katholischen \u201eWeltjugendtag\u201c in K\u00f6ln August 2005<\/strong><\/p>\n<p><em>von Klaus Hartmann, Vizepr\u00e4sident der Weltunion der Freidenker<\/em><\/p>\n<p>\u00ab\u00a0Weltjugendtag\u00a0\u00bb hei\u00dft die fromme Heerschau dieser Tage in K\u00f6ln, der Name jedoch ist Anma\u00dfung: Obwohl Hunderttausende erwartet werden, die \u00ab\u00a0Weltjugend\u00a0\u00bb ist das nicht \u2013 es ist ebenso wenig das Treffen von Atheisten wie von Buddhisten, Muslimen oder Hindus, Juden oder orthodoxen Chris\u00adten.<!--more--><\/p>\n<p>Zumindest der Form nach geht die Katholische Kirche mit der Zeit: Event ist angesagt, eine Pop-, Polit- und Glaubensshow wird inszeniert, und wie in der \u00fcblichen kommerziellen Event-\u00ab\u00a0Kultur\u00a0\u00bb droht Seichtigkeit die Inhalte zu verdr\u00e4ngen, ernsthafte Anliegen und Fragen unterzubuttern. Wer der Kirche nichts Gutes w\u00fcnscht, kann das Spektakel mit einer gewissen Schadenfreude sehen.<\/p>\n<p>Jedoch: nicht jeder Anreisende wird nur auf Glamour, Wellness, Fr\u00f6mmelei und Massenpsychose versessen sein. Manche werden sich darunter befinden, die sich gegen Sozialabbau wehren wollen, gegen Armut und K\u00e4lte und Entsolidarisierung, die f\u00fcr Abr\u00fcstung und gegen Krieg streiten wollen, f\u00fcr V\u00f6lkerfreundschaft und eine gerechte Welt.<\/p>\n<p>Wenn wir Freidenker die Frage aufwerfen, von wem, zu wessen Nutzen die Propagandashow ver\u00adanstaltet wird, wollen wir zeigen, dass der Vatikan der v\u00f6llig falsche Verein ist, um Humanit\u00e4t und Gerechtigkeit zu erreichen. Der Vatikan ist eine kriminelle Organisation, von Anfang an, nicht nur mal vor\u00fcbergehend im Mittelalter, sondern bis zum j\u00fcngsten Tag.<\/p>\n<p>Der Krimi beginnt mit einer gef\u00e4lschten Urkunde, bekannt als angebliche \u00ab\u00a0Konstantinische Schenkung\u00a0\u00bb, die den r\u00f6mischen P\u00e4psten territoriale Anspr\u00fcche und weltliche Macht garantieren soll, Kaiser Konstantin I. (nicht Gott!) habe ihnen Vorherrschaft und Weisungsbefugnis \u00fcber alle anderen Kirchen verliehen, nebst einem dem Kaiser gleichen Rang.<\/p>\n<p>Die fr\u00fchmafi\u00f6se Gaunerei begr\u00fcndete das stabile B\u00fcndnis der Kirche mit den M\u00e4chtigen aller Zeiten, mit Sklavenhaltern, Ausbeutern und Schwerverbrechern. Von Paulus bis zu den Kirchenlehrern Ambrosius und Augustinus wird die Armut (der Armen) gepriesen, die Sklaverei verteidigt, Folter erlaubt und Krieg geheiligt. Mit der Macht des Klerus stieg die aggressive Judenfeindschaft, Massaker an ostfranz\u00f6sischen und deutschen Juden stimulierten den Blutdurst der Kreuzfahrer, bevor sie auf dem Weg ins \u00ab\u00a0Heilige\u00a0\u00bb Land ihre orthodoxen Glaubensbr\u00fcder auf dem Balkan abschlachteten, und schlie\u00dflich im Zielgebiet \u00fcber die Muslime herfielen.<\/p>\n<p>Kreuzz\u00fcgen gegen Ketzer folgte die \u00ab\u00a0Heilige\u00a0\u00bb Inquisition, auf deren Scheiterhaufen in Europa Zehntausende \u00ab\u00a0Hexen\u00a0\u00bb verbrannt wurden, und die ihr letztes Todesopfer in Spanien noch im 19. Jahrhundert fand. Auch Philosophen und Naturwissenschaftler wie Giordano Bruno wurden als \u00ab\u00a0Ketzer\u00a0\u00bb auf dem Scheiterhaufen ermordet. Die in der Hexenverbrennung manifeste Sexual- und Frauenfeindlichkeit der Kirche lebt fort, wenn Karol Wojtyla k\u00fcnstliche Geburtenkontrolle und Abtreibung \u00ab\u00a0abscheuliche Verbrechen\u00a0\u00bb nannte.<\/p>\n<p>Als Mittelalter-Erbschaft pflegt der Vatikan nicht nur Wallfahrten zu \u00ab\u00a0Wundern\u00a0\u00bb wie dem \u00ab\u00a0Heiligen Rock\u00a0\u00bb, sondern auch den Glauben an den Teufel, zu dessen \u00ab\u00a0Austreibung\u00a0\u00bb er g\u00f6ttlich gepr\u00fcfte Exorzisten ausbildet und beruft, sein letztes Handbuch zum Thema erschien 1999.<\/p>\n<p>Nach Umbenennung hie\u00df die massenm\u00f6rderische Inquisition \u00ab\u00a0Kongregation f\u00fcr die Glaubenslehre\u00a0\u00bb, und ihr Pr\u00e4fekt bis k\u00fcrzlich Ratzinger. Auch mit neuem Namen steht die Beh\u00f6rde in Treue fest zu den Herrschenden, was der Befreiungstheologe Leonardo Boff zu sp\u00fcren bekam. Sein Eintreten f\u00fcr eine Kirche, die die Menschenrechte der Armen verteidigt, ahndete Oberinquisitor Ratzinger mit einem Rede- und Lehrverbot.<\/p>\n<p>Weitverbreitet, doch blo\u00df eine fromme Legende ist, dass der sich Papst JP2 im Jahr 2000 f\u00fcr Verbrechen der Kirche entschuldigt habe. Trotz des Titels \u00ab\u00a0Mea Culpa\u00a0\u00bb war weder von seiner noch der Schuld der Kirche die Rede. Nur \u00ab\u00a0Einzelne\u00a0\u00bb h\u00e4tten \u00ab\u00a0gefehlt\u00a0\u00bb. Insbesondere auf den Faschistenf\u00f6rderer Papst Pius XII soll kein Schatten fallen. Emil Carlebach, antifaschistischer Widerstandsk\u00e4mpfer und Freidenker, erinnerte sich: \u00ab\u00a0Im KZ Buchenwald lernte ich den tschechischen Priester Pater Plojhar kennen, er hatte sich dem antifaschistischen Kampf angeschlossen. Ihn exkommunizierte Pius XII. Mir ist keiner der faschistischen Massenm\u00f6rder bekannt, den dieser \u201aFromme\u2019 exkommuniziert h\u00e4tte.\u00a0\u00bb<\/p>\n<p>Als die kroatischen Ustascha-Faschisten im \u00ab\u00a0unabh\u00e4ngigen\u00a0\u00bb Kroatien von Hitlers Gnaden ein monstr\u00f6ses Schlachthaus f\u00fcr Serben, Juden, Sinti und Roma errichteten, war es f\u00fcr Kardinal Stepinac \u00ab\u00a0jedoch leicht, die Hand Gottes in diesem Werk zu erkennen\u00a0\u00bb. Vor der Roten Armee brachte die Ustascha Gold f\u00fcr 200 Millionen Dollar in Sicherheit \u2013 in den Vatikan, und der organisierte die \u00ab\u00a0Rattenlinie\u00a0\u00bb-Fluchthilfe, mit der die Naziverbrecher aus Europa nach S\u00fcdamerika flohen. Zur Zerschlagung Jugoslawiens gab der Vatikan 1991 einen Kredit von 4 Milliarden Dollar an die kroatischen Sezessionisten, und im Herbst 1998 sprach Woityla den Ustascha-Schutzpatron Stepinac selig, genau zur rechten Zeit &#8211; des \u00ab\u00a0Aktivierungsbefehls\u00a0\u00bb zur Vorbereitung der NATO-Aggression gegen Jugoslawien.<\/p>\n<p>Als h\u00e4tte nicht auf den Koppelschl\u00f6ssern der deutschen Soldaten beider Weltkriege beim \u00dcberfall auf die europ\u00e4ischen Nachbarn die Losung \u00ab\u00a0Gott mit uns!\u00a0\u00bb gestanden, predigt der gastgebende K\u00f6lner Kardinal Meisner bei seinem allj\u00e4hrlichen \u00ab\u00a0Soldatengottesdienst\u00a0\u00bb solch gef\u00e4hrliche Mystik wie \u00ab\u00a0In betenden H\u00e4nden ist die Waffe vor Mi\u00dfbrauch sicher.\u00a0\u00bb<\/p>\n<p>Das im Juli 1933 zwischen Vatikan und Hitlerdeutschland geschlossene Reichskonkordat begr\u00fcndet neben zahllosen Privilegien der Kirche auch die \u00ab\u00a0Milit\u00e4rseelsorge\u00a0\u00bb, und wegen \u00ab\u00a0Neuausrichtung der Bundeswehr\u00a0\u00bb auf weltweite NATO-Interventionen sieht Milit\u00e4rbischof Mixa deren \u00ab\u00a0Schwerpunkt in seelsorgerischer Einsatzbegleitung\u00a0\u00bb.<\/p>\n<p>F\u00fcr Ruhe an der Heimatfront soll derweil Woityla-Ratzingers \u00ab\u00a0Neuevangelisierung\u00a0\u00bb Europas sorgen, mittels Roll Back von Aufkl\u00e4rung und widerst\u00e4ndigem Denken. Welche Hilfstruppen dazu antreten sollen, zeigt eine Heiligsprechung im Rekordtempo an &#8211; eines anderen Klerikalfaschisten: Jos\u00e9maria Escriv\u00e1, Gr\u00fcnder der reaktion\u00e4ren Opus Dei-Sekte, Vertrauter von Diktator Franco, Drahtzieher im Netz Opus Dei-Vatikanbank-Mafia-P2-Loge-Berlusconi-CIA. Ehrensache, dass der Papst den Opus Dei-Seminaristen der K\u00f6lner Kirche Sankt Pantaleon seine Aufwartung macht.<\/p>\n<p>Ist es g\u00f6ttliche F\u00fcgung, dass die Verpflegung der WJT-Teilnehmer auf dem Marienfeld vom selben Caterer Sodexho geliefert wird, der auch die US-Besatzungstruppen im Irak ern\u00e4hrt? Schon mal zum Eingew\u00f6hnen: eine Marien-Feldverpflegung? N\u00e4chstenliebe auf den Lippen, aber bald wieder Blut an den H\u00e4nden? Auch gl\u00e4ubige Menschen sollten zu neuen Kreuzz\u00fcgen aller Art sagen: \u00ab\u00a0Nicht in unserem Namen!\u00a0\u00bb<\/p>","protected":false},"excerpt":{"rendered":"<p>D\u00e9sol\u00e9, cet article est seulement disponible en Deutsch.Erkl\u00e4rung zum katholischen \u201eWeltjugendtag\u201c in K\u00f6ln August 2005 von Klaus Hartmann, Vizepr\u00e4sident der Weltunion der Freidenker \u00ab\u00a0Weltjugendtag\u00a0\u00bb hei\u00dft die fromme Heerschau dieser Tage in K\u00f6ln, der Name jedoch ist Anma\u00dfung: Obwohl Hunderttausende erwartet werden, die \u00ab\u00a0Weltjugend\u00a0\u00bb ist das nicht \u2013 es ist ebenso wenig das Treffen von Atheisten&#8230;<\/p>\n","protected":false},"author":3,"featured_media":0,"comment_status":"closed","ping_status":"closed","sticky":false,"template":"","format":"standard","meta":{"footnotes":""},"categories":[3],"tags":[],"class_list":["post-384","post","type-post","status-publish","format-standard","hentry","category-dokumentation"],"_links":{"self":[{"href":"https:\/\/www.libres-penseurs.net\/fr\/wp-json\/wp\/v2\/posts\/384","targetHints":{"allow":["GET"]}}],"collection":[{"href":"https:\/\/www.libres-penseurs.net\/fr\/wp-json\/wp\/v2\/posts"}],"about":[{"href":"https:\/\/www.libres-penseurs.net\/fr\/wp-json\/wp\/v2\/types\/post"}],"author":[{"embeddable":true,"href":"https:\/\/www.libres-penseurs.net\/fr\/wp-json\/wp\/v2\/users\/3"}],"replies":[{"embeddable":true,"href":"https:\/\/www.libres-penseurs.net\/fr\/wp-json\/wp\/v2\/comments?post=384"}],"version-history":[{"count":1,"href":"https:\/\/www.libres-penseurs.net\/fr\/wp-json\/wp\/v2\/posts\/384\/revisions"}],"predecessor-version":[{"id":727,"href":"https:\/\/www.libres-penseurs.net\/fr\/wp-json\/wp\/v2\/posts\/384\/revisions\/727"}],"wp:attachment":[{"href":"https:\/\/www.libres-penseurs.net\/fr\/wp-json\/wp\/v2\/media?parent=384"}],"wp:term":[{"taxonomy":"category","embeddable":true,"href":"https:\/\/www.libres-penseurs.net\/fr\/wp-json\/wp\/v2\/categories?post=384"},{"taxonomy":"post_tag","embeddable":true,"href":"https:\/\/www.libres-penseurs.net\/fr\/wp-json\/wp\/v2\/tags?post=384"}],"curies":[{"name":"wp","href":"https:\/\/api.w.org\/{rel}","templated":true}]}}